{"id":4079,"date":"2024-03-07T17:56:45","date_gmt":"2024-03-07T16:56:45","guid":{"rendered":"https:\/\/seberaltubeikastola.eus\/?p=4079"},"modified":"2024-03-07T17:59:56","modified_gmt":"2024-03-07T16:59:56","slug":"vii-asamblea-de-las-ikastolas","status":"publish","type":"post","link":"https:\/\/seberaltubeikastola.eus\/es\/vii-asamblea-de-las-ikastolas\/","title":{"rendered":"VII. ASAMBLEA DE LAS IKASTOLAS"},"content":{"rendered":"<p>YA EST\u00c1 AQU\u00cd LA VII ASAMBLEA DE LA FEDERACI\u00d3N DE IKASTOLAS DE EH<\/p>\n<p>\u00a1Han pasado bastantes a\u00f1os desde que celebramos la \u00faltima asamblea nacional y ha llegado la hora!<\/p>\n<p>Viviremos un momento hist\u00f3rico: la oportunidad de dibujar &#8216;Ikastolen Etorkizuna&#8217; entre todos los miembros de las ikastolas.<\/p>\n<p>Aqu\u00ed ten\u00e9is la web especial que se ha puesto en marcha<\/p>\n<p><a href=\"https:\/\/7batzarra.ikastola.eus\/es\">https:\/\/7batzarra.ikastola.eus\/es<\/a><\/p>\n<p>\u00a1En las pr\u00f3ximas semanas vamos a dar un debate entre los miembros de las ikastolas! Nuestro futuro, en nuestras manos!!<\/p>\n<p>#BiharkoIkastolak<br \/>\n#Ikastolen7Batzar<\/p>\n<p><img loading=\"lazy\" decoding=\"async\" class=\"alignnone size-medium wp-image-4077\" src=\"https:\/\/seberaltubeikastola.eus\/wp-content\/uploads\/2024\/03\/HBI_poster_00109178-300x169.jpg\" alt=\"\" width=\"300\" height=\"169\" srcset=\"https:\/\/seberaltubeikastola.eus\/wp-content\/uploads\/2024\/03\/HBI_poster_00109178-300x169.jpg 300w, https:\/\/seberaltubeikastola.eus\/wp-content\/uploads\/2024\/03\/HBI_poster_00109178-1024x576.jpg 1024w, https:\/\/seberaltubeikastola.eus\/wp-content\/uploads\/2024\/03\/HBI_poster_00109178.jpg 1920w\" sizes=\"auto, (max-width: 300px) 100vw, 300px\" \/><\/p>\n","protected":false},"excerpt":{"rendered":"<p>YA EST\u00c1 AQU\u00cd LA VII ASAMBLEA DE LA FEDERACI\u00d3N DE IKASTOLAS DE EH \u00a1Han pasado bastantes a\u00f1os desde que celebramos la \u00faltima asamblea nacional y ha llegado la hora! Viviremos un momento hist\u00f3rico: la oportunidad de dibujar &#8216;Ikastolen Etorkizuna&#8217; entre todos los miembros de las ikastolas. Aqu\u00ed ten\u00e9is la web especial que se ha puesto&#8230;<\/p>\n","protected":false},"author":6,"featured_media":4077,"comment_status":"open","ping_status":"closed","sticky":false,"template":"","format":"standard","meta":{"_acf_changed":false,"footnotes":""},"categories":[15],"tags":[],"class_list":["post-4079","post","type-post","status-publish","format-standard","has-post-thumbnail","hentry","category-albisteak-es"],"acf":[],"_links":{"self":[{"href":"https:\/\/seberaltubeikastola.eus\/es\/wp-json\/wp\/v2\/posts\/4079","targetHints":{"allow":["GET"]}}],"collection":[{"href":"https:\/\/seberaltubeikastola.eus\/es\/wp-json\/wp\/v2\/posts"}],"about":[{"href":"https:\/\/seberaltubeikastola.eus\/es\/wp-json\/wp\/v2\/types\/post"}],"author":[{"embeddable":true,"href":"https:\/\/seberaltubeikastola.eus\/es\/wp-json\/wp\/v2\/users\/6"}],"replies":[{"embeddable":true,"href":"https:\/\/seberaltubeikastola.eus\/es\/wp-json\/wp\/v2\/comments?post=4079"}],"version-history":[{"count":1,"href":"https:\/\/seberaltubeikastola.eus\/es\/wp-json\/wp\/v2\/posts\/4079\/revisions"}],"predecessor-version":[{"id":4080,"href":"https:\/\/seberaltubeikastola.eus\/es\/wp-json\/wp\/v2\/posts\/4079\/revisions\/4080"}],"wp:featuredmedia":[{"embeddable":true,"href":"https:\/\/seberaltubeikastola.eus\/es\/wp-json\/wp\/v2\/media\/4077"}],"wp:attachment":[{"href":"https:\/\/seberaltubeikastola.eus\/es\/wp-json\/wp\/v2\/media?parent=4079"}],"wp:term":[{"taxonomy":"category","embeddable":true,"href":"https:\/\/seberaltubeikastola.eus\/es\/wp-json\/wp\/v2\/categories?post=4079"},{"taxonomy":"post_tag","embeddable":true,"href":"https:\/\/seberaltubeikastola.eus\/es\/wp-json\/wp\/v2\/tags?post=4079"}],"curies":[{"name":"wp","href":"https:\/\/api.w.org\/{rel}","templated":true}]}}